{"id":2570,"date":"2023-04-03T16:45:22","date_gmt":"2023-04-03T20:45:22","guid":{"rendered":"https:\/\/ihsfa.cl\/?p=2570"},"modified":"2025-10-13T10:19:07","modified_gmt":"2025-10-13T14:19:07","slug":"celebracion-domingo-de-ramos-en-el-ihsfa","status":"publish","type":"post","link":"https:\/\/ihsfa.cl\/index.php\/2023\/04\/03\/celebracion-domingo-de-ramos-en-el-ihsfa\/","title":{"rendered":"Celebraci\u00f3n Domingo de Ramos en el IHSFA"},"content":{"rendered":"\n<p>HOSANNA, HOSANNA, BENDITO OH!<\/p>\n\n\n\n<p>Cantando recibimos hoy, lunes 3 de abril, al Padre Mauricio Aguayo, quien vino a bendecir los ramos, para invitarnos a vivir con Jes\u00fas, su entrada triunfal a Jerusal\u00e9n, como inicio de la Semana Santa. El Padre Mauricio nos invit\u00f3 a demostrarle a Jes\u00fas el amor que le tenemos, levantando los ramos y cantando en se\u00f1al de alabanza, para lo cual fue pasando por los pasillos del colegio, y los estudiantes salieron de sus salas con sus ramos, expresando su amor y alegr\u00eda a Jes\u00fas.<\/p>\n\n\n\n<figure class=\"wp-block-gallery has-nested-images columns-default is-cropped wp-block-gallery-1 is-layout-flex wp-block-gallery-is-layout-flex\">\n<figure class=\"wp-block-image size-large\"><img loading=\"lazy\" decoding=\"async\" width=\"1024\" height=\"768\" data-id=\"2580\" src=\"https:\/\/ihsfa.cl\/wp-content\/uploads\/2023\/04\/20230403_120909-1024x768.jpg\" alt=\"\" class=\"wp-image-2580\" srcset=\"https:\/\/ihsfa.cl\/wp-content\/uploads\/2023\/04\/20230403_120909-980x735.jpg 980w, https:\/\/ihsfa.cl\/wp-content\/uploads\/2023\/04\/20230403_120909-480x360.jpg 480w\" sizes=\"(min-width: 0px) and (max-width: 480px) 480px, (min-width: 481px) and (max-width: 980px) 980px, (min-width: 981px) 1024px, 100vw\" \/><\/figure>\n\n\n\n<figure class=\"wp-block-image size-large\"><img loading=\"lazy\" decoding=\"async\" width=\"1024\" height=\"497\" data-id=\"2579\" src=\"https:\/\/ihsfa.cl\/wp-content\/uploads\/2023\/04\/lunes-de-ramos-1-1-1024x497.jpeg\" alt=\"\" class=\"wp-image-2579\" srcset=\"https:\/\/ihsfa.cl\/wp-content\/uploads\/2023\/04\/lunes-de-ramos-1-1-980x476.jpeg 980w, https:\/\/ihsfa.cl\/wp-content\/uploads\/2023\/04\/lunes-de-ramos-1-1-480x233.jpeg 480w\" sizes=\"(min-width: 0px) and (max-width: 480px) 480px, (min-width: 481px) and (max-width: 980px) 980px, (min-width: 981px) 1024px, 100vw\" \/><\/figure>\n\n\n\n<figure class=\"wp-block-image size-large\"><img loading=\"lazy\" decoding=\"async\" width=\"1024\" height=\"497\" data-id=\"2581\" src=\"https:\/\/ihsfa.cl\/wp-content\/uploads\/2023\/04\/lunes-de-ramos-2-1-1024x497.jpeg\" alt=\"\" class=\"wp-image-2581\" srcset=\"https:\/\/ihsfa.cl\/wp-content\/uploads\/2023\/04\/lunes-de-ramos-2-1-980x476.jpeg 980w, https:\/\/ihsfa.cl\/wp-content\/uploads\/2023\/04\/lunes-de-ramos-2-1-480x233.jpeg 480w\" sizes=\"(min-width: 0px) and (max-width: 480px) 480px, (min-width: 481px) and (max-width: 980px) 980px, (min-width: 981px) 1024px, 100vw\" \/><\/figure>\n\n\n\n<figure class=\"wp-block-image size-large\"><img loading=\"lazy\" decoding=\"async\" width=\"1024\" height=\"497\" data-id=\"2578\" src=\"https:\/\/ihsfa.cl\/wp-content\/uploads\/2023\/04\/Lunes-de-ramos-3.04.23-1024x497.jpeg\" alt=\"\" class=\"wp-image-2578\" srcset=\"https:\/\/ihsfa.cl\/wp-content\/uploads\/2023\/04\/Lunes-de-ramos-3.04.23-980x476.jpeg 980w, https:\/\/ihsfa.cl\/wp-content\/uploads\/2023\/04\/Lunes-de-ramos-3.04.23-480x233.jpeg 480w\" sizes=\"(min-width: 0px) and (max-width: 480px) 480px, (min-width: 481px) and (max-width: 980px) 980px, (min-width: 981px) 1024px, 100vw\" \/><\/figure>\n\n\n\n<figure class=\"wp-block-image size-large\"><img loading=\"lazy\" decoding=\"async\" width=\"768\" height=\"1024\" data-id=\"2582\" src=\"https:\/\/ihsfa.cl\/wp-content\/uploads\/2023\/04\/WhatsApp-Image-2023-04-03-at-12.16.01-768x1024.jpeg\" alt=\"\" class=\"wp-image-2582\"\/><\/figure>\n<\/figure>\n\n\n\n<figure class=\"wp-block-video\"><video controls src=\"https:\/\/ihsfa.cl\/wp-content\/uploads\/2023\/04\/VID-20230403-WA0053.mp4\"><\/video><\/figure>\n","protected":false},"excerpt":{"rendered":"<p>HOSANNA, HOSANNA, BENDITO OH! Cantando recibimos hoy, lunes 3 de abril, al Padre Mauricio Aguayo, quien vino a bendecir los ramos, para invitarnos a vivir con Jes\u00fas, su entrada triunfal a Jerusal\u00e9n, como inicio de la Semana Santa. El Padre Mauricio nos invit\u00f3 a demostrarle a Jes\u00fas el amor que le tenemos, levantando los ramos [&hellip;]<\/p>\n","protected":false},"author":7,"featured_media":2572,"comment_status":"closed","ping_status":"closed","sticky":false,"template":"","format":"standard","meta":{"_et_pb_use_builder":"off","_et_pb_old_content":"","_et_gb_content_width":"","footnotes":""},"categories":[3],"tags":[],"class_list":["post-2570","post","type-post","status-publish","format-standard","has-post-thumbnail","hentry","category-noticias"],"_links":{"self":[{"href":"https:\/\/ihsfa.cl\/index.php\/wp-json\/wp\/v2\/posts\/2570"}],"collection":[{"href":"https:\/\/ihsfa.cl\/index.php\/wp-json\/wp\/v2\/posts"}],"about":[{"href":"https:\/\/ihsfa.cl\/index.php\/wp-json\/wp\/v2\/types\/post"}],"author":[{"embeddable":true,"href":"https:\/\/ihsfa.cl\/index.php\/wp-json\/wp\/v2\/users\/7"}],"replies":[{"embeddable":true,"href":"https:\/\/ihsfa.cl\/index.php\/wp-json\/wp\/v2\/comments?post=2570"}],"version-history":[{"count":3,"href":"https:\/\/ihsfa.cl\/index.php\/wp-json\/wp\/v2\/posts\/2570\/revisions"}],"predecessor-version":[{"id":2585,"href":"https:\/\/ihsfa.cl\/index.php\/wp-json\/wp\/v2\/posts\/2570\/revisions\/2585"}],"wp:featuredmedia":[{"embeddable":true,"href":"https:\/\/ihsfa.cl\/index.php\/wp-json\/wp\/v2\/media\/2572"}],"wp:attachment":[{"href":"https:\/\/ihsfa.cl\/index.php\/wp-json\/wp\/v2\/media?parent=2570"}],"wp:term":[{"taxonomy":"category","embeddable":true,"href":"https:\/\/ihsfa.cl\/index.php\/wp-json\/wp\/v2\/categories?post=2570"},{"taxonomy":"post_tag","embeddable":true,"href":"https:\/\/ihsfa.cl\/index.php\/wp-json\/wp\/v2\/tags?post=2570"}],"curies":[{"name":"wp","href":"https:\/\/api.w.org\/{rel}","templated":true}]}}