{"id":3690,"date":"2024-03-21T10:50:00","date_gmt":"2024-03-21T14:50:00","guid":{"rendered":"https:\/\/ihsfa.cl\/?p=3690"},"modified":"2025-10-13T11:46:13","modified_gmt":"2025-10-13T15:46:13","slug":"consejo-escolar-2024","status":"publish","type":"post","link":"https:\/\/ihsfa.cl\/index.php\/2024\/03\/21\/consejo-escolar-2024\/","title":{"rendered":"Consejo Escolar 2024"},"content":{"rendered":"\n<p>El d\u00eda de hoy se constituy\u00f3 el Consejo Escolar 2024, con representantes de todos los estamentos de la comunidad escolar.<\/p>\n\n\n\n<p>Un espacio de di\u00e1logo consultivo y propositivo, que busca fortalecer la vida al interior de ka comunidad escolar, a trav\u00e9s de la mejora de los aprendizajes y la convivencia escolar.<\/p>\n\n\n\n<p>En esta oportunidad se abordaron los principales desaf\u00edos para el periodo y se convoc\u00f3 a un trabajo conjunto y colaborativo, cuyo primer paso es la socializaci\u00f3n de los temas abordados con toda la comunidad escolar a trav\u00e9s de sus representantes.<\/p>\n\n\n\n<div style=\"height:32px\" aria-hidden=\"true\" class=\"wp-block-spacer\"><\/div>\n\n\n\n<figure class=\"wp-block-gallery has-nested-images columns-default is-cropped wp-block-gallery-1 is-layout-flex wp-block-gallery-is-layout-flex\">\n<figure class=\"wp-block-image size-large\"><img loading=\"lazy\" decoding=\"async\" width=\"1024\" height=\"1024\" data-id=\"3692\" src=\"https:\/\/ihsfa.cl\/wp-content\/uploads\/2025\/10\/Consejo-Escolar.El-dia-de-hoy-se-constituyo-el-Consejo-Escolar-2024-con-representantes-de-todo-1024x1024.jpg\" alt=\"\" class=\"wp-image-3692\" srcset=\"https:\/\/ihsfa.cl\/wp-content\/uploads\/2025\/10\/Consejo-Escolar.El-dia-de-hoy-se-constituyo-el-Consejo-Escolar-2024-con-representantes-de-todo-1024x1024.jpg 1024w, https:\/\/ihsfa.cl\/wp-content\/uploads\/2025\/10\/Consejo-Escolar.El-dia-de-hoy-se-constituyo-el-Consejo-Escolar-2024-con-representantes-de-todo-980x980.jpg 980w, https:\/\/ihsfa.cl\/wp-content\/uploads\/2025\/10\/Consejo-Escolar.El-dia-de-hoy-se-constituyo-el-Consejo-Escolar-2024-con-representantes-de-todo-480x480.jpg 480w\" sizes=\"(min-width: 0px) and (max-width: 480px) 480px, (min-width: 481px) and (max-width: 980px) 980px, (min-width: 981px) 1024px, 100vw\" \/><\/figure>\n\n\n\n<figure class=\"wp-block-image size-full\"><img loading=\"lazy\" decoding=\"async\" width=\"864\" height=\"864\" data-id=\"3691\" src=\"https:\/\/ihsfa.cl\/wp-content\/uploads\/2025\/10\/Consejo-Escolar.El-dia-de-hoy-se-constituyo-el-Consejo-Escolar-2024-con-representantes-de-todo-2.jpg\" alt=\"\" class=\"wp-image-3691\" srcset=\"https:\/\/ihsfa.cl\/wp-content\/uploads\/2025\/10\/Consejo-Escolar.El-dia-de-hoy-se-constituyo-el-Consejo-Escolar-2024-con-representantes-de-todo-2.jpg 864w, https:\/\/ihsfa.cl\/wp-content\/uploads\/2025\/10\/Consejo-Escolar.El-dia-de-hoy-se-constituyo-el-Consejo-Escolar-2024-con-representantes-de-todo-2-480x480.jpg 480w\" sizes=\"(min-width: 0px) and (max-width: 480px) 480px, (min-width: 481px) 864px, 100vw\" \/><\/figure>\n\n\n\n<figure class=\"wp-block-image size-large\"><img loading=\"lazy\" decoding=\"async\" width=\"1024\" height=\"1024\" data-id=\"3693\" src=\"https:\/\/ihsfa.cl\/wp-content\/uploads\/2025\/10\/Consejo-Escolar.El-dia-de-hoy-se-constituyo-el-Consejo-Escolar-2024-con-representantes-de-todo-1-1024x1024.jpg\" alt=\"\" class=\"wp-image-3693\" srcset=\"https:\/\/ihsfa.cl\/wp-content\/uploads\/2025\/10\/Consejo-Escolar.El-dia-de-hoy-se-constituyo-el-Consejo-Escolar-2024-con-representantes-de-todo-1-1024x1024.jpg 1024w, https:\/\/ihsfa.cl\/wp-content\/uploads\/2025\/10\/Consejo-Escolar.El-dia-de-hoy-se-constituyo-el-Consejo-Escolar-2024-con-representantes-de-todo-1-980x980.jpg 980w, https:\/\/ihsfa.cl\/wp-content\/uploads\/2025\/10\/Consejo-Escolar.El-dia-de-hoy-se-constituyo-el-Consejo-Escolar-2024-con-representantes-de-todo-1-480x480.jpg 480w\" sizes=\"(min-width: 0px) and (max-width: 480px) 480px, (min-width: 481px) and (max-width: 980px) 980px, (min-width: 981px) 1024px, 100vw\" \/><\/figure>\n<\/figure>\n\n\n\n<div style=\"height:100px\" aria-hidden=\"true\" class=\"wp-block-spacer\"><\/div>\n","protected":false},"excerpt":{"rendered":"<p>El d\u00eda de hoy se constituy\u00f3 el Consejo Escolar 2024, con representantes de todos los estamentos de la comunidad escolar. Un espacio de di\u00e1logo consultivo y propositivo, que busca fortalecer la vida al interior de ka comunidad escolar, a trav\u00e9s de la mejora de los aprendizajes y la convivencia escolar. En esta oportunidad se abordaron [&hellip;]<\/p>\n","protected":false},"author":7,"featured_media":3694,"comment_status":"closed","ping_status":"closed","sticky":false,"template":"","format":"standard","meta":{"_et_pb_use_builder":"off","_et_pb_old_content":"","_et_gb_content_width":"","footnotes":""},"categories":[3],"tags":[],"class_list":["post-3690","post","type-post","status-publish","format-standard","has-post-thumbnail","hentry","category-noticias"],"_links":{"self":[{"href":"https:\/\/ihsfa.cl\/index.php\/wp-json\/wp\/v2\/posts\/3690"}],"collection":[{"href":"https:\/\/ihsfa.cl\/index.php\/wp-json\/wp\/v2\/posts"}],"about":[{"href":"https:\/\/ihsfa.cl\/index.php\/wp-json\/wp\/v2\/types\/post"}],"author":[{"embeddable":true,"href":"https:\/\/ihsfa.cl\/index.php\/wp-json\/wp\/v2\/users\/7"}],"replies":[{"embeddable":true,"href":"https:\/\/ihsfa.cl\/index.php\/wp-json\/wp\/v2\/comments?post=3690"}],"version-history":[{"count":1,"href":"https:\/\/ihsfa.cl\/index.php\/wp-json\/wp\/v2\/posts\/3690\/revisions"}],"predecessor-version":[{"id":3695,"href":"https:\/\/ihsfa.cl\/index.php\/wp-json\/wp\/v2\/posts\/3690\/revisions\/3695"}],"wp:featuredmedia":[{"embeddable":true,"href":"https:\/\/ihsfa.cl\/index.php\/wp-json\/wp\/v2\/media\/3694"}],"wp:attachment":[{"href":"https:\/\/ihsfa.cl\/index.php\/wp-json\/wp\/v2\/media?parent=3690"}],"wp:term":[{"taxonomy":"category","embeddable":true,"href":"https:\/\/ihsfa.cl\/index.php\/wp-json\/wp\/v2\/categories?post=3690"},{"taxonomy":"post_tag","embeddable":true,"href":"https:\/\/ihsfa.cl\/index.php\/wp-json\/wp\/v2\/tags?post=3690"}],"curies":[{"name":"wp","href":"https:\/\/api.w.org\/{rel}","templated":true}]}}